{"id":18103,"date":"2026-04-28T13:35:18","date_gmt":"2026-04-28T11:35:18","guid":{"rendered":"https:\/\/www.cnpoblenou.cat\/?p=18103"},"modified":"2026-04-28T13:35:19","modified_gmt":"2026-04-28T11:35:19","slug":"el-torneig-mario-villar-consolida-la-seva-tercera-edicio-com-una-gran-festa-del-rugby-formatiu","status":"publish","type":"post","link":"https:\/\/www.cnpoblenou.cat\/en\/el-torneig-mario-villar-consolida-la-seva-tercera-edicio-com-una-gran-festa-del-rugby-formatiu\/","title":{"rendered":"El Torneig Mario Villar consolida la seva tercera edici\u00f3 com una gran festa del rugby formatiu"},"content":{"rendered":"\n<p>El passat dissabte 25 d\u2019abril, el Complex Esportiu Municipal La Mar Bella va acollir la tercera edici\u00f3 del Torneig Mario Villar, una de les cites m\u00e9s especials del calendari del Club Nataci\u00f3 Poble Nou. La jornada va reunir escoles de rugby d\u2019arreu del territori i tamb\u00e9 equips internacionals, refor\u00e7ant aix\u00ed el creixement i la projecci\u00f3 del torneig en un ambient marcat per la conviv\u00e8ncia, l\u2019aprenentatge i els valors propis d\u2019aquest esport.<\/p>\n\n\n\n<p>M\u00e9s enll\u00e0 dels resultats, el torneig va tornar a posar el focus en el rugby de base, amb la participaci\u00f3 de les categories Sub6, Sub8, Sub10 i Sub12. Durant tot el dia, nens i nenes van poder gaudir d\u2019una experi\u00e8ncia esportiva enriquidora, compartint joc i moments amb altres clubs en un entorn respectu\u00f3s i segur.<\/p>\n\n\n\n<p>Un dels moments m\u00e9s especials de la jornada es va viure amb l\u2019entrega de medalles, que va simbolitzar el vincle entre les diferents generacions del club. Els veterans van ser els encarregats de fer l\u2019entrega als m\u00e9s petits, de les categories Sub6 i Sub8, mentre que les jugadores del s\u00e8nior femen\u00ed van premiar els equips Sub10. Finalment, els jugadors del s\u00e8nior mascul\u00ed van fer entrega de les medalles als participants de la categoria Sub12, refor\u00e7ant aix\u00ed el sentiment de comunitat i pertinen\u00e7a.<\/p>\n\n\n\n<p>El torneig, que ret homenatge a Mario Villar, va tornar a ser tamb\u00e9 un espai per recordar la seva figura i el seu llegat. Una empremta inesborrable dins la secci\u00f3 de rugby del club, marcada per la seva humanitat, el seu amor per l\u2019esport i la seva manera d\u2019entendre el rugby com una eina educativa i de creixement personal.<\/p>\n\n\n\n<p>Amb aquesta tercera edici\u00f3, el Club Nataci\u00f3 Poble Nou continua consolidant el Torneig Mario Villar com una cita de refer\u00e8ncia dins el rugby d\u2019escoles, reafirmant el seu comprom\u00eds amb la formaci\u00f3, la inclusi\u00f3 i els valors que defineixen el club.<\/p>\n\n\n\n<div style=\"height:40px\" aria-hidden=\"true\" class=\"wp-block-spacer\"><\/div>\n\n\n\n<p><br><\/p>\n\n\n\n<figure class=\"wp-block-gallery has-nested-images columns-default is-cropped wp-block-gallery-1 is-layout-flex wp-block-gallery-is-layout-flex\">\n<figure class=\"wp-block-image size-large\"><img fetchpriority=\"high\" decoding=\"async\" width=\"598\" height=\"511\" data-id=\"18108\" src=\"https:\/\/www.cnpoblenou.cat\/wp-content\/uploads\/2026\/04\/77676-598x511.png\" alt=\"\" class=\"wp-image-18108\" srcset=\"https:\/\/www.cnpoblenou.cat\/wp-content\/uploads\/2026\/04\/77676-598x511.png 598w, https:\/\/www.cnpoblenou.cat\/wp-content\/uploads\/2026\/04\/77676-300x257.png 300w, https:\/\/www.cnpoblenou.cat\/wp-content\/uploads\/2026\/04\/77676-768x657.png 768w, https:\/\/www.cnpoblenou.cat\/wp-content\/uploads\/2026\/04\/77676.png 780w\" sizes=\"(max-width: 598px) 100vw, 598px\" \/><\/figure>\n\n\n\n<figure class=\"wp-block-image size-large\"><img decoding=\"async\" width=\"598\" height=\"461\" data-id=\"18106\" src=\"https:\/\/www.cnpoblenou.cat\/wp-content\/uploads\/2026\/04\/r4-598x461.png\" alt=\"\" class=\"wp-image-18106\" srcset=\"https:\/\/www.cnpoblenou.cat\/wp-content\/uploads\/2026\/04\/r4-598x461.png 598w, https:\/\/www.cnpoblenou.cat\/wp-content\/uploads\/2026\/04\/r4-300x231.png 300w, https:\/\/www.cnpoblenou.cat\/wp-content\/uploads\/2026\/04\/r4-768x593.png 768w, https:\/\/www.cnpoblenou.cat\/wp-content\/uploads\/2026\/04\/r4.png 814w\" sizes=\"(max-width: 598px) 100vw, 598px\" \/><\/figure>\n\n\n\n<figure class=\"wp-block-image size-large\"><img decoding=\"async\" width=\"598\" height=\"470\" data-id=\"18114\" src=\"https:\/\/www.cnpoblenou.cat\/wp-content\/uploads\/2026\/04\/r5-598x470.png\" alt=\"\" class=\"wp-image-18114\" srcset=\"https:\/\/www.cnpoblenou.cat\/wp-content\/uploads\/2026\/04\/r5-598x470.png 598w, https:\/\/www.cnpoblenou.cat\/wp-content\/uploads\/2026\/04\/r5-300x236.png 300w, https:\/\/www.cnpoblenou.cat\/wp-content\/uploads\/2026\/04\/r5-768x603.png 768w, https:\/\/www.cnpoblenou.cat\/wp-content\/uploads\/2026\/04\/r5.png 811w\" sizes=\"(max-width: 598px) 100vw, 598px\" \/><\/figure>\n\n\n\n<figure class=\"wp-block-image size-large\"><img loading=\"lazy\" decoding=\"async\" width=\"598\" height=\"469\" data-id=\"18110\" src=\"https:\/\/www.cnpoblenou.cat\/wp-content\/uploads\/2026\/04\/r33-598x469.png\" alt=\"\" class=\"wp-image-18110\" srcset=\"https:\/\/www.cnpoblenou.cat\/wp-content\/uploads\/2026\/04\/r33-598x469.png 598w, https:\/\/www.cnpoblenou.cat\/wp-content\/uploads\/2026\/04\/r33-300x235.png 300w, https:\/\/www.cnpoblenou.cat\/wp-content\/uploads\/2026\/04\/r33-768x602.png 768w, https:\/\/www.cnpoblenou.cat\/wp-content\/uploads\/2026\/04\/r33.png 805w\" sizes=\"(max-width: 598px) 100vw, 598px\" \/><\/figure>\n\n\n\n<figure class=\"wp-block-image size-large\"><img loading=\"lazy\" decoding=\"async\" width=\"598\" height=\"385\" data-id=\"18112\" src=\"https:\/\/www.cnpoblenou.cat\/wp-content\/uploads\/2026\/04\/r56-598x385.png\" alt=\"\" class=\"wp-image-18112\" srcset=\"https:\/\/www.cnpoblenou.cat\/wp-content\/uploads\/2026\/04\/r56-598x385.png 598w, https:\/\/www.cnpoblenou.cat\/wp-content\/uploads\/2026\/04\/r56-300x193.png 300w, https:\/\/www.cnpoblenou.cat\/wp-content\/uploads\/2026\/04\/r56-768x495.png 768w, https:\/\/www.cnpoblenou.cat\/wp-content\/uploads\/2026\/04\/r56.png 979w\" sizes=\"(max-width: 598px) 100vw, 598px\" \/><\/figure>\n<\/figure>\n","protected":false},"excerpt":{"rendered":"<p>El passat dissabte 25 d\u2019abril, el Complex Esportiu Municipal La Mar Bella va acollir la tercera edici\u00f3 del Torneig Mario Villar, una de les cites m\u00e9s especials del calendari del Club Nataci\u00f3 Poble Nou. La jornada va reunir escoles de rugby d\u2019arreu del territori i tamb\u00e9 equips internacionals, refor\u00e7ant aix\u00ed el creixement i la projecci\u00f3 [&hellip;]<\/p>\n","protected":false},"author":1,"featured_media":18118,"comment_status":"closed","ping_status":"closed","sticky":false,"template":"","format":"standard","meta":{"footnotes":""},"categories":[1,6],"tags":[],"destacat":[204],"esport":[211,202],"class_list":["post-18103","post","type-post","status-publish","format-standard","has-post-thumbnail","hentry","category-noticies","category-rugby","destacat-destacat","esport-cn-poble-nou","esport-rugby"],"_links":{"self":[{"href":"https:\/\/www.cnpoblenou.cat\/en\/wp-json\/wp\/v2\/posts\/18103","targetHints":{"allow":["GET"]}}],"collection":[{"href":"https:\/\/www.cnpoblenou.cat\/en\/wp-json\/wp\/v2\/posts"}],"about":[{"href":"https:\/\/www.cnpoblenou.cat\/en\/wp-json\/wp\/v2\/types\/post"}],"author":[{"embeddable":true,"href":"https:\/\/www.cnpoblenou.cat\/en\/wp-json\/wp\/v2\/users\/1"}],"replies":[{"embeddable":true,"href":"https:\/\/www.cnpoblenou.cat\/en\/wp-json\/wp\/v2\/comments?post=18103"}],"version-history":[{"count":2,"href":"https:\/\/www.cnpoblenou.cat\/en\/wp-json\/wp\/v2\/posts\/18103\/revisions"}],"predecessor-version":[{"id":18117,"href":"https:\/\/www.cnpoblenou.cat\/en\/wp-json\/wp\/v2\/posts\/18103\/revisions\/18117"}],"wp:featuredmedia":[{"embeddable":true,"href":"https:\/\/www.cnpoblenou.cat\/en\/wp-json\/wp\/v2\/media\/18118"}],"wp:attachment":[{"href":"https:\/\/www.cnpoblenou.cat\/en\/wp-json\/wp\/v2\/media?parent=18103"}],"wp:term":[{"taxonomy":"category","embeddable":true,"href":"https:\/\/www.cnpoblenou.cat\/en\/wp-json\/wp\/v2\/categories?post=18103"},{"taxonomy":"post_tag","embeddable":true,"href":"https:\/\/www.cnpoblenou.cat\/en\/wp-json\/wp\/v2\/tags?post=18103"},{"taxonomy":"destacat","embeddable":true,"href":"https:\/\/www.cnpoblenou.cat\/en\/wp-json\/wp\/v2\/destacat?post=18103"},{"taxonomy":"esport","embeddable":true,"href":"https:\/\/www.cnpoblenou.cat\/en\/wp-json\/wp\/v2\/esport?post=18103"}],"curies":[{"name":"wp","href":"https:\/\/api.w.org\/{rel}","templated":true}]}}